{"id":351,"date":"2019-07-27T16:07:48","date_gmt":"2019-07-27T16:07:48","guid":{"rendered":"https:\/\/www.technikag-eckener.de\/?p=351"},"modified":"2019-07-27T16:27:37","modified_gmt":"2019-07-27T16:27:37","slug":"youngster-bands-auftritt-im-britzer-garten-2019","status":"publish","type":"post","link":"https:\/\/www.technikag-eckener.de\/?p=351","title":{"rendered":"Youngster Bands Auftritt im Britzer Garten 2019"},"content":{"rendered":"<p>Am 02.06.2019 organisierte die Technik AG des Eckener Gymnasiums mal wieder die Technik f\u00fcr verschiedene Auftritte der Bands des Eckener Gymnasiums und der Leo Kestenberg Musikschule.<\/p>\n<p>Die AG optimierte an diesem Tag den Sound und das Licht auf der B\u00fchne und im Publikum.<br \/>\nF\u00fcnf Stunden lang gingen verschiedene Bands die B\u00fchne auf und ab und ernteten einen riesen Applaus des Publikums!<\/p>\n<p>Mehr Infos zu den Youngster Bands finden Sie <a href=\"https:\/\/www.youngsterbandberlin.de\/\">hier.<\/a><\/p>\n","protected":false},"excerpt":{"rendered":"<p>Am 02.06.2019 organisierte die Technik AG des Eckener Gymnasiums mal wieder die Technik f\u00fcr verschiedene Auftritte der Bands des Eckener Gymnasiums und der Leo Kestenberg Musikschule. Die AG optimierte an diesem Tag den Sound und das Licht auf der B\u00fchne und im Publikum. F\u00fcnf Stunden lang gingen verschiedene Bands die B\u00fchne auf und ab und <a class=\"more-link\" href=\"https:\/\/www.technikag-eckener.de\/?p=351\">weiterlesen&#8230;<\/a><\/p>\n","protected":false},"author":4,"featured_media":352,"comment_status":"closed","ping_status":"closed","sticky":false,"template":"","format":"standard","meta":{"ngg_post_thumbnail":0,"footnotes":""},"categories":[8],"tags":[],"class_list":["post-351","post","type-post","status-publish","format-standard","has-post-thumbnail","hentry","category-veranstaltungen"],"_links":{"self":[{"href":"https:\/\/www.technikag-eckener.de\/index.php?rest_route=\/wp\/v2\/posts\/351","targetHints":{"allow":["GET"]}}],"collection":[{"href":"https:\/\/www.technikag-eckener.de\/index.php?rest_route=\/wp\/v2\/posts"}],"about":[{"href":"https:\/\/www.technikag-eckener.de\/index.php?rest_route=\/wp\/v2\/types\/post"}],"author":[{"embeddable":true,"href":"https:\/\/www.technikag-eckener.de\/index.php?rest_route=\/wp\/v2\/users\/4"}],"replies":[{"embeddable":true,"href":"https:\/\/www.technikag-eckener.de\/index.php?rest_route=%2Fwp%2Fv2%2Fcomments&post=351"}],"version-history":[{"count":5,"href":"https:\/\/www.technikag-eckener.de\/index.php?rest_route=\/wp\/v2\/posts\/351\/revisions"}],"predecessor-version":[{"id":358,"href":"https:\/\/www.technikag-eckener.de\/index.php?rest_route=\/wp\/v2\/posts\/351\/revisions\/358"}],"wp:featuredmedia":[{"embeddable":true,"href":"https:\/\/www.technikag-eckener.de\/index.php?rest_route=\/wp\/v2\/media\/352"}],"wp:attachment":[{"href":"https:\/\/www.technikag-eckener.de\/index.php?rest_route=%2Fwp%2Fv2%2Fmedia&parent=351"}],"wp:term":[{"taxonomy":"category","embeddable":true,"href":"https:\/\/www.technikag-eckener.de\/index.php?rest_route=%2Fwp%2Fv2%2Fcategories&post=351"},{"taxonomy":"post_tag","embeddable":true,"href":"https:\/\/www.technikag-eckener.de\/index.php?rest_route=%2Fwp%2Fv2%2Ftags&post=351"}],"curies":[{"name":"wp","href":"https:\/\/api.w.org\/{rel}","templated":true}]}}