{"id":325,"date":"2018-09-30T16:26:02","date_gmt":"2018-09-30T16:26:02","guid":{"rendered":"https:\/\/www.technikag-eckener.de\/?p=325"},"modified":"2018-09-30T16:30:07","modified_gmt":"2018-09-30T16:30:07","slug":"das-eckener-gymnasium-laedt-zum-kreativ-und-adventsmarkt","status":"publish","type":"post","link":"https:\/\/www.technikag-eckener.de\/?p=325","title":{"rendered":"Das Eckener-Gymnasium l\u00e4dt zum Kreativ und Adventsmarkt"},"content":{"rendered":"<p><span class=\"fontstyle0\">Auch dieses Jahr unterst\u00fctzt die Technik AG den Kreativ und Adventsmarkt in der Aula der Eckener Oberschule. <\/span><\/p>\n<p><span class=\"fontstyle0\">Hier erwartet euch und Sie eine Vielfalt an:<br \/>\n<\/span><span class=\"fontstyle2\">Gestricktem, Geh\u00e4keltem, Gen\u00e4htem, Gebasteltem,<br \/>\nGebackenem, Adventskr\u00e4nze,<br \/>\nMarmelade, Honig und au\u00dferdem:<br \/>\nGl\u00fchwein, Kaffee und Kuchen und Waffeln bei<br \/>\nMusikprogramm sowie ein Bastelworkshop\u2026<br \/>\n<\/span><span class=\"fontstyle0\">Standanmietung m\u00f6glich (nicht gewerblich):<br \/>\nselbstgebackener Kuchen plus 5 \u20ac \/ 1 Tisch (60 x 85 cm)<br \/>\n9 \u20ac \/ 2 Tische<br \/>\n12 \u20ac \/ 3 Tische<br \/>\nKontakt: <\/span><span class=\"fontstyle0\">eckener-kreativ@web.de <\/span><span class=\"fontstyle3\">oder<br \/>\n<\/span><span class=\"fontstyle0\">0171-2105445 (Mo \u2013 Fr 16:00 \u2013 19:00 Uhr)<br \/>\nam Samstag, dem <\/span><span class=\"fontstyle2\">24. November 2018<br \/>\n<\/span><span class=\"fontstyle0\">von <\/span><span class=\"fontstyle2\">11:00 bis 16:00 Uhr<br \/>\n<\/span><span class=\"fontstyle0\">in der Aula des <\/span><span class=\"fontstyle2\">Eckener- Gymnasiums<br \/>\n<\/span><span class=\"fontstyle0\">Kaiserstra\u00dfe 17 \u2013 21 (Ecke Rathausstr.)<br \/>\nin 12105 Berlin-Mariendorf<\/span><\/p>\n","protected":false},"excerpt":{"rendered":"<p>Auch dieses Jahr unterst\u00fctzt die Technik AG den Kreativ und Adventsmarkt in der Aula der Eckener Oberschule. Hier erwartet euch und Sie eine Vielfalt an: Gestricktem, Geh\u00e4keltem, Gen\u00e4htem, Gebasteltem, Gebackenem, Adventskr\u00e4nze, Marmelade, Honig und au\u00dferdem: Gl\u00fchwein, Kaffee und Kuchen und Waffeln bei Musikprogramm sowie ein Bastelworkshop\u2026 Standanmietung m\u00f6glich (nicht gewerblich): selbstgebackener Kuchen plus 5 \u20ac <a class=\"more-link\" href=\"https:\/\/www.technikag-eckener.de\/?p=325\">weiterlesen&#8230;<\/a><\/p>\n","protected":false},"author":1,"featured_media":328,"comment_status":"closed","ping_status":"closed","sticky":false,"template":"","format":"standard","meta":{"ngg_post_thumbnail":0,"footnotes":""},"categories":[8],"tags":[],"class_list":["post-325","post","type-post","status-publish","format-standard","has-post-thumbnail","hentry","category-veranstaltungen"],"_links":{"self":[{"href":"https:\/\/www.technikag-eckener.de\/index.php?rest_route=\/wp\/v2\/posts\/325","targetHints":{"allow":["GET"]}}],"collection":[{"href":"https:\/\/www.technikag-eckener.de\/index.php?rest_route=\/wp\/v2\/posts"}],"about":[{"href":"https:\/\/www.technikag-eckener.de\/index.php?rest_route=\/wp\/v2\/types\/post"}],"author":[{"embeddable":true,"href":"https:\/\/www.technikag-eckener.de\/index.php?rest_route=\/wp\/v2\/users\/1"}],"replies":[{"embeddable":true,"href":"https:\/\/www.technikag-eckener.de\/index.php?rest_route=%2Fwp%2Fv2%2Fcomments&post=325"}],"version-history":[{"count":2,"href":"https:\/\/www.technikag-eckener.de\/index.php?rest_route=\/wp\/v2\/posts\/325\/revisions"}],"predecessor-version":[{"id":327,"href":"https:\/\/www.technikag-eckener.de\/index.php?rest_route=\/wp\/v2\/posts\/325\/revisions\/327"}],"wp:featuredmedia":[{"embeddable":true,"href":"https:\/\/www.technikag-eckener.de\/index.php?rest_route=\/wp\/v2\/media\/328"}],"wp:attachment":[{"href":"https:\/\/www.technikag-eckener.de\/index.php?rest_route=%2Fwp%2Fv2%2Fmedia&parent=325"}],"wp:term":[{"taxonomy":"category","embeddable":true,"href":"https:\/\/www.technikag-eckener.de\/index.php?rest_route=%2Fwp%2Fv2%2Fcategories&post=325"},{"taxonomy":"post_tag","embeddable":true,"href":"https:\/\/www.technikag-eckener.de\/index.php?rest_route=%2Fwp%2Fv2%2Ftags&post=325"}],"curies":[{"name":"wp","href":"https:\/\/api.w.org\/{rel}","templated":true}]}}