{"id":305,"date":"2018-09-29T20:23:15","date_gmt":"2018-09-29T20:23:15","guid":{"rendered":"https:\/\/www.technikag-eckener.de\/?p=305"},"modified":"2018-09-29T20:36:53","modified_gmt":"2018-09-29T20:36:53","slug":"youngster-bands-auftritt-im-britzer-garten","status":"publish","type":"post","link":"https:\/\/www.technikag-eckener.de\/?p=305","title":{"rendered":"Youngster Bands Auftritt im Britzer Garten 2018"},"content":{"rendered":"<p>Am 3. Juni 2018 begleitete die Technik AG bereits zum dritten Mal die Youngster Bands des Eckener Gymnasiums und Bandklassen f\u00fcr Erwachsene der Leo Kestenberg Musikschule in den Britzer Garten.<\/p>\n<p>Die AG betreute die Tontechnik und Lichttechnik die f\u00fcr den Auftritt ben\u00f6tigt wurde. Die Festplatzb\u00fchne des Britzer Gartens wurde f\u00fcr 5 Stunden mit Rock und Pop Musik der K\u00fcnstler zu einer erfolgreichen Veranstaltung!<\/p>\n<p>Mehr Informationen zu den Youngster Bands finden sie hier:<br \/>\n<a href=\"https:\/\/www.youngsterbandberlin.de\/\" rel=\"noopener\" target=\"_blank\">https:\/\/www.youngsterbandberlin.de\/<\/a><\/p>\nngg_shortcode_0_placeholder\n","protected":false},"excerpt":{"rendered":"<p>Am 3. Juni 2018 begleitete die Technik AG bereits zum dritten Mal die Youngster Bands des Eckener Gymnasiums und Bandklassen f\u00fcr Erwachsene der Leo Kestenberg Musikschule in den Britzer Garten. Die AG betreute die Tontechnik und Lichttechnik die f\u00fcr den Auftritt ben\u00f6tigt wurde. Die Festplatzb\u00fchne des Britzer Gartens wurde f\u00fcr 5 Stunden mit Rock und <a class=\"more-link\" href=\"https:\/\/www.technikag-eckener.de\/?p=305\">weiterlesen&#8230;<\/a><\/p>\n","protected":false},"author":1,"featured_media":80,"comment_status":"closed","ping_status":"closed","sticky":false,"template":"","format":"standard","meta":{"ngg_post_thumbnail":0,"footnotes":""},"categories":[8],"tags":[],"class_list":["post-305","post","type-post","status-publish","format-standard","has-post-thumbnail","hentry","category-veranstaltungen"],"_links":{"self":[{"href":"https:\/\/www.technikag-eckener.de\/index.php?rest_route=\/wp\/v2\/posts\/305","targetHints":{"allow":["GET"]}}],"collection":[{"href":"https:\/\/www.technikag-eckener.de\/index.php?rest_route=\/wp\/v2\/posts"}],"about":[{"href":"https:\/\/www.technikag-eckener.de\/index.php?rest_route=\/wp\/v2\/types\/post"}],"author":[{"embeddable":true,"href":"https:\/\/www.technikag-eckener.de\/index.php?rest_route=\/wp\/v2\/users\/1"}],"replies":[{"embeddable":true,"href":"https:\/\/www.technikag-eckener.de\/index.php?rest_route=%2Fwp%2Fv2%2Fcomments&post=305"}],"version-history":[{"count":3,"href":"https:\/\/www.technikag-eckener.de\/index.php?rest_route=\/wp\/v2\/posts\/305\/revisions"}],"predecessor-version":[{"id":315,"href":"https:\/\/www.technikag-eckener.de\/index.php?rest_route=\/wp\/v2\/posts\/305\/revisions\/315"}],"wp:featuredmedia":[{"embeddable":true,"href":"https:\/\/www.technikag-eckener.de\/index.php?rest_route=\/wp\/v2\/media\/80"}],"wp:attachment":[{"href":"https:\/\/www.technikag-eckener.de\/index.php?rest_route=%2Fwp%2Fv2%2Fmedia&parent=305"}],"wp:term":[{"taxonomy":"category","embeddable":true,"href":"https:\/\/www.technikag-eckener.de\/index.php?rest_route=%2Fwp%2Fv2%2Fcategories&post=305"},{"taxonomy":"post_tag","embeddable":true,"href":"https:\/\/www.technikag-eckener.de\/index.php?rest_route=%2Fwp%2Fv2%2Ftags&post=305"}],"curies":[{"name":"wp","href":"https:\/\/api.w.org\/{rel}","templated":true}]}}